{"id":6877,"date":"2026-09-01T19:08:17","date_gmt":"2026-09-01T17:08:17","guid":{"rendered":"https:\/\/zsp-blaszki.pl\/?p=6877"},"modified":"2026-09-01T19:08:23","modified_gmt":"2026-09-01T17:08:23","slug":"nowy-rok-szkolny-i-nowe-boisko-w-powiatowym-zespole-szkol-w-blaszkach","status":"publish","type":"post","link":"https:\/\/zsp-blaszki.pl\/?p=6877","title":{"rendered":"Nowy \u00a0rok szkolny i nowe boisko w Powiatowym Zespole Szk\u00f3\u0142 w B\u0142aszkach"},"content":{"rendered":"\n<p class=\"wp-block-paragraph\"><\/p>\n\n\n\n<p class=\"wp-block-paragraph\">1 wrze\u015bnia 2026 r. to wyj\u0105tkowa data w historii Powiatowego Zespo\u0142u Szk\u00f3\u0142 w B\u0142aszkach.<\/p>\n\n\n\n<p class=\"wp-block-paragraph\">Tego dnia spo\u0142eczno\u015b\u0107 szkolna wraz z go\u015b\u0107mi, Starost\u0105 Sieradzkim panem Mariuszem B\u0105dziorem, Naczelnikiem Wydzia\u0142u O\u015bwiaty, Kultury i Sportu, panem J\u00f3zefem Jur\u0105 oraz &nbsp;Przewodnicz\u0105c\u0105 Rady Rodzic\u00f3w, pani\u0105 Bogumi\u0142\u0105 Giejko przywita\u0142a rok szkolny na nowym boisku wielofunkcyjnym, zbudowanym w ramach projektu realizowanego wsp\u00f3lnie przez Starostwo Powiatowe w Sieradzu oraz Ministerstwo Sportu i Turystyki.<\/p>\n\n\n\n<p class=\"wp-block-paragraph\">Dyrektor szko\u0142y, pani Magdalena Zak\u0119s rozpoczynaj\u0105c uroczysto\u015b\u0107 szczeg\u00f3lne s\u0142owa skierowa\u0142a do uczni\u00f3w klas pierwszych i ich rodzic\u00f3w, \u017cycz\u0105c m\u0142odzie\u017cy, aby nauka w Powiatowym Zespole szk\u00f3\u0142 w B\u0142aszkach by\u0142a czasem rozwijania pasji, zawierania przyja\u017ani; rodzicom podzi\u0119kowa\u0142a za okazane zaufanie. Pani Dyrektor&nbsp; \u017cyczy\u0142a wszystkim dobrego roku szkolnego, dzi\u0119kowa\u0142a przedstawicielom organu prowadz\u0105cego szko\u0142\u0119 za obecno\u015b\u0107&nbsp; i wsp\u00f3\u0142prac\u0119. \u017byczenia dla ca\u0142ej spo\u0142eczno\u015bci szkolnej przekaza\u0142 r\u00f3wnie\u017c pan Starosta. Po uroczysto\u015bci na sali gimnastycznej wszyscy udali si\u0119 na zewn\u0105trz, gdzie zaproszeni go\u015bcie, dyrektor szko\u0142y oraz przewodnicz\u0105ca samorz\u0105du uczniowskiego dokonali symbolicznego przeci\u0119cia wst\u0119gi. Po\u015bwi\u0119cenia obiektu dokona\u0142 nowy katecheta szkolny, ksi\u0105dz Jakub Leszczyszyn.<\/p>\n\n\n\n<p class=\"wp-block-paragraph\">Naczelnik Wydzia\u0142 O\u015bwiaty, Kultury i Sportu, pan J\u00f3zef Jura sk\u0142adaj\u0105c \u017cyczenia spo\u0142eczno\u015bci szkolnej wspomina\u0142 czas, gdy by\u0142 uczniem b\u0142aszkowskiego liceum ; Starosta Sieradzki, pan Mariusz B\u0105dzior dzi\u0119kowa\u0142 dyrektorowi szko\u0142y, pani Magdalenie Zak\u0119s za zaanga\u017cowanie; zwr\u00f3ci\u0142 uwag\u0119 jak szko\u0142a w ci\u0105gu ostatnich lat si\u0119 zmieni\u0142a. Uczniowie Powiatowego Zespo\u0142u Szk\u00f3\u0142 w B\u0142aszkach opr\u00f3cz \u017cycze\u0144 otrzymali od pana Starosty pi\u0142ki, kt\u00f3re na pewno przydadz\u0105 si\u0119 na lekcjach wychowania fizycznego. Uroczysto\u015b\u0107 zako\u0144czy\u0142 wyst\u0119p artystyczny m\u0142odzie\u017cy.<\/p>\n\n\n\n<p class=\"wp-block-paragraph\">Powodzenia w nowym roku szkolnym dla ca\u0142ej spo\u0142eczno\u015bci Powiatowego Zespo\u0142u Szk\u00f3\u0142 w B\u0142aszkach!<\/p>\n","protected":false},"excerpt":{"rendered":"<p>1 wrze\u015bnia 2026 r. to wyj\u0105tkowa data w historii Powiatowego Zespo\u0142u Szk\u00f3\u0142 w B\u0142aszkach. Tego dnia spo\u0142eczno\u015b\u0107 szkolna wraz z go\u015b\u0107mi, Starost\u0105 Sieradzkim panem Mariuszem B\u0105dziorem, Naczelnikiem Wydzia\u0142u O\u015bwiaty, Kultury i Sportu, panem J\u00f3zefem Jur\u0105 oraz &nbsp;Przewodnicz\u0105c\u0105 Rady Rodzic\u00f3w, pani\u0105 Bogumi\u0142\u0105 Giejko przywita\u0142a rok szkolny na nowym boisku wielofunkcyjnym, zbudowanym w ramach projektu realizowanego wsp\u00f3lnie&#8230;<\/p>\n","protected":false},"author":24791,"featured_media":0,"comment_status":"closed","ping_status":"closed","sticky":false,"template":"","format":"standard","meta":{"footnotes":""},"categories":[1],"tags":[],"class_list":["post-6877","post","type-post","status-publish","format-standard","hentry","category-bez-kategorii"],"_links":{"self":[{"href":"https:\/\/zsp-blaszki.pl\/index.php?rest_route=\/wp\/v2\/posts\/6877","targetHints":{"allow":["GET"]}}],"collection":[{"href":"https:\/\/zsp-blaszki.pl\/index.php?rest_route=\/wp\/v2\/posts"}],"about":[{"href":"https:\/\/zsp-blaszki.pl\/index.php?rest_route=\/wp\/v2\/types\/post"}],"author":[{"embeddable":true,"href":"https:\/\/zsp-blaszki.pl\/index.php?rest_route=\/wp\/v2\/users\/24791"}],"replies":[{"embeddable":true,"href":"https:\/\/zsp-blaszki.pl\/index.php?rest_route=%2Fwp%2Fv2%2Fcomments&post=6877"}],"version-history":[{"count":1,"href":"https:\/\/zsp-blaszki.pl\/index.php?rest_route=\/wp\/v2\/posts\/6877\/revisions"}],"predecessor-version":[{"id":6878,"href":"https:\/\/zsp-blaszki.pl\/index.php?rest_route=\/wp\/v2\/posts\/6877\/revisions\/6878"}],"wp:attachment":[{"href":"https:\/\/zsp-blaszki.pl\/index.php?rest_route=%2Fwp%2Fv2%2Fmedia&parent=6877"}],"wp:term":[{"taxonomy":"category","embeddable":true,"href":"https:\/\/zsp-blaszki.pl\/index.php?rest_route=%2Fwp%2Fv2%2Fcategories&post=6877"},{"taxonomy":"post_tag","embeddable":true,"href":"https:\/\/zsp-blaszki.pl\/index.php?rest_route=%2Fwp%2Fv2%2Ftags&post=6877"}],"curies":[{"name":"wp","href":"https:\/\/api.w.org\/{rel}","templated":true}]}}